{"id":259,"date":"2026-08-19T02:49:03","date_gmt":"2026-08-19T00:49:03","guid":{"rendered":"https:\/\/blogsaverroes.micd.es\/atmuntenas\/?p=259"},"modified":"2026-08-19T02:49:40","modified_gmt":"2026-08-19T00:49:40","slug":"los-terremotos-de-granada","status":"publish","type":"post","link":"https:\/\/blogsaverroes.micd.es\/atmuntenas\/2026.08\/los-terremotos-de-granada\/","title":{"rendered":"Los terremotos de Granada"},"content":{"rendered":"<p>Yo soy de Granada. Tengo que reconocer que todo el tema este de los terremotos me est\u00e1 volviendo loco. S\u00e9 que es algo natural por la geolog\u00eda y geograf\u00eda de mi tierra, pero aun as\u00ed, los recientes sismos no me dejan bajar la guardia.<\/p>\n<p>El terremoto de la noche del 14 de agosto ha dejado su huella. Recuerdo que esa noche no dorm\u00ed, no fui capaz. Estaba en videollamada con mi pareja y empec\u00e9 a sentir como temblaba todo a mi alrededor. Un ruido terror\u00edfico empez\u00f3 a emerger. Me percat\u00e9. Grit\u00e9 asustado, \u00ab\u00a1Sof\u00eda, terremoto!\u00bb, mientras usaba todo mi f\u00edsico para meterme debajo de la mesa para protegerme. Si tiembla todo a tu alrededor, \u00bfte paras a pensar si el terremoto es fuerte o no? Tu \u00fanico pensamiento es tu instinto de supervivencia.<\/p>\n<p>Despu\u00e9s del temblor inicial, recuerdo haberme incorporado a mi asiento para seguir conversando con Sof\u00eda. Ella me cont\u00f3 que le hab\u00eda costado entender toda la situaci\u00f3n. Al principio le hab\u00eda hecho gracia mi reacci\u00f3n tan exaltada, aunque la impact\u00f3 ver c\u00f3mo temblaba todo. Mi p\u00e1lida cara describ\u00eda con exactitud mi p\u00e1nico.<\/p>\n<p>Esa noche no fui el \u00fanico que corri\u00f3 asustado a protegerse, fuimos muchos. Muchos que, sin terminar de entender la magnitud del asunto, est\u00e1bamos depositando nuestra fe en que solo fuese un caso aislado. Muchos que pasamos la noche en vela, sin saber si la tierra sobre la que reposaban nuestras vidas volver\u00eda a temblar. Muchos que abandonaron sus casas y pasaron la noche en parques y jardines. Muchos que volvimos a recordar una faceta, que dejamos en el olvido, de lo que esconde nuestra tierra.<\/p>\n<p>Yo me qued\u00e9 en casa, estuve alerta toda la noche. La tierra no me iba a pillar desprevenido. Me fui a la cama. No pod\u00eda dejar de sentir temblores. Estoy m\u00e1s que seguro que fueron fruto de mi imaginaci\u00f3n y miedo. No descarto que otros fueran reales. Justo cuando estaba a punto de bajar definitivamente la guardia al invadir el sue\u00f1o mis fortalezas, terremoto.<\/p>\n<p>Si hubiese una c\u00e1mara grabando el salto ol\u00edmpico que pegu\u00e9 desde la cama hasta debajo del marco de la puerta de mi habitaci\u00f3n, seguro que me llevaba la medalla de oro y alg\u00fan que otro r\u00e9cord Guinness.<\/p>\n<p>Poco a poco se fue imponiendo una nueva normalidad, de consultas agitadas al mapa web del IGN donde se ven los \u00faltimos terremotos, al Facebook para ver que dec\u00eda la gente de la zona y al Instagram para ver qu\u00e9 dec\u00eda la juventud. Cada ruido que escuchaba lo consideraba como posible amenaza. Un cami\u00f3n, un taladro, lo que sea, mi cuerpo ya estaba prepar\u00e1ndose para correr como gacela.<\/p>\n<p><img decoding=\"async\" class=\"aligncenter wp-image-260 size-full lazyload\" data-src=\"https:\/\/blogsaverroes.micd.es\/atmuntenas\/wp-content\/uploads\/sites\/2\/2026\/08\/Captura-de-pantalla-2026-08-19-010856.png\" alt=\"\" width=\"1845\" height=\"953\" data-srcset=\"https:\/\/blogsaverroes.micd.es\/atmuntenas\/wp-content\/uploads\/sites\/2\/2026\/08\/Captura-de-pantalla-2026-08-19-010856.png 1845w, https:\/\/blogsaverroes.micd.es\/atmuntenas\/wp-content\/uploads\/sites\/2\/2026\/08\/Captura-de-pantalla-2026-08-19-010856-300x155.png 300w, https:\/\/blogsaverroes.micd.es\/atmuntenas\/wp-content\/uploads\/sites\/2\/2026\/08\/Captura-de-pantalla-2026-08-19-010856-1024x529.png 1024w, https:\/\/blogsaverroes.micd.es\/atmuntenas\/wp-content\/uploads\/sites\/2\/2026\/08\/Captura-de-pantalla-2026-08-19-010856-768x397.png 768w, https:\/\/blogsaverroes.micd.es\/atmuntenas\/wp-content\/uploads\/sites\/2\/2026\/08\/Captura-de-pantalla-2026-08-19-010856-1536x793.png 1536w\" data-sizes=\"(max-width: 1845px) 100vw, 1845px\" src=\"data:image\/svg+xml;base64,PHN2ZyB3aWR0aD0iMSIgaGVpZ2h0PSIxIiB4bWxucz0iaHR0cDovL3d3dy53My5vcmcvMjAwMC9zdmciPjwvc3ZnPg==\" style=\"--smush-placeholder-width: 1845px; --smush-placeholder-aspect-ratio: 1845\/953;\" \/><\/p>\n<h2>Siempre hay sinverg\u00fcenzas<\/h2>\n<p>Una de las cosas que me enfada y repugna son las personas que disfrutan asustando a otras. No estoy hablando del t\u00edpico susto de \u00abestoy detr\u00e1s de la puerta y no me has visto\u00bb. Hablo de instaurar caos, coger el miedo y p\u00e1nico de la gente y con un fuelle hacer que unas peque\u00f1as brasas se conviertan en un incendio desolador.<\/p>\n<p>Me surge la duda. \u00bfDe verdad sois tan miserables como para disfrutar del sufrimiento de las personas?\u00a0En toda esta situaci\u00f3n, lo grave no es solo que alg\u00fan imb\u00e9cil de turno suelte la burrada del siglo, sino que se vendan como expertos en la materia.<\/p>\n<p>Cualquiera que tenga dos dedos de frente no puede achacar la culpa a la poblaci\u00f3n por hacer caso a estos impresentables. Tenemos que ser cr\u00edticos por norma general, pero en situaciones de alerta, de emergencia, la necesidad de tener toda la informaci\u00f3n posible de la amenaza que afrontamos para entenderla, evaluarla y tomar decisiones a partir de las conclusiones que obtengamos, crece exponencialmente.<\/p>\n<p>\u00bfC\u00f3mo podemos diferenciar qu\u00e9 es verdad y qu\u00e9 es mentira? Aqu\u00ed las redes sociales suspenden con facilidad. Al margen de lo \u00e9ticas que sean o no las plataformas, la desinformaci\u00f3n que se propaga como piojos por estos espacios digitales es asombrosa. Tu mayor enemigo ya no es solo un terremoto, sino el vendeh\u00famos que solo quiere asustarte para que pueda enga\u00f1arte y luego manipularte con sus extra\u00f1as ideas.<\/p>\n<p>Por ello, mucho cuidado con lo que ves por Internet. Prudencia ante todo y verifica la procedencia de toda la informaci\u00f3n que recibas. No te f\u00edes de nadie.<\/p>\n<h2>Hoy es martes 18 y as\u00ed seguimos<\/h2>\n<p>Qu\u00e9 desagradable la sensaci\u00f3n de levantarse al ruido y movimiento de un terremoto que vete t\u00fa a saber si era fuerte o no. La sensaci\u00f3n de estar vibrando en la cama, de sentir que todo se mueve a tu alrededor, y de alguna forma tus neuronas procesan que est\u00e1s disfrutando de un pase VIP para sentir un se\u00edsmo en Dolby Surround, es algo inolvidable. Cuando parec\u00eda que la cosa se estaba calmando, \u00a1r\u00e9plicas! \u00a1Claro que s\u00ed!<\/p>\n<p>No es suficiente tener los huevos de corbata porque una falla en Granada haya decidido lucirse. \u00a1No! Esa falla quiere presentarte a toda su familia. \u00bfTantos familiares tiene la dichosa falla? \u00a1Cuatro fuertes! Se nota que vienen bien en\u00e9rgicas. El resto estar\u00e1 en proceso de crecimiento. Esperemos que no sea as\u00ed.<\/p>\n<p>Yo sigo teniendo miedo. Cada ruido me asusta y me pongo alerta a la espera de un temblor. Me da miedo estar incluso en mi propia casa, no consigo encontrar ninguna esquina o alg\u00fan rinc\u00f3n donde pueda sentirme medianamente seguro. Me da miedo incluso pasear con tranquilidad por la calle, no vaya a ser que se caiga una cornisa, una maceta o lo que sea.<\/p>\n","protected":false},"excerpt":{"rendered":"<p>Yo soy de Granada. Tengo que reconocer que todo el tema este de los terremotos me est\u00e1 volviendo loco. S\u00e9 que es algo natural por la geolog\u00eda y geograf\u00eda de mi tierra, pero aun as\u00ed, los recientes sismos no me &hellip; <a href=\"https:\/\/blogsaverroes.micd.es\/atmuntenas\/2026.08\/los-terremotos-de-granada\/\">Sigue leyendo <span class=\"meta-nav\">&rarr;<\/span><\/a><\/p>\n","protected":false},"author":1,"featured_media":0,"comment_status":"closed","ping_status":"closed","sticky":false,"template":"","format":"standard","meta":{"footnotes":""},"categories":[22],"tags":[],"class_list":["post-259","post","type-post","status-publish","format-standard","hentry","category-mis-desvarios"],"_links":{"self":[{"href":"https:\/\/blogsaverroes.micd.es\/atmuntenas\/wp-json\/wp\/v2\/posts\/259","targetHints":{"allow":["GET"]}}],"collection":[{"href":"https:\/\/blogsaverroes.micd.es\/atmuntenas\/wp-json\/wp\/v2\/posts"}],"about":[{"href":"https:\/\/blogsaverroes.micd.es\/atmuntenas\/wp-json\/wp\/v2\/types\/post"}],"author":[{"embeddable":true,"href":"https:\/\/blogsaverroes.micd.es\/atmuntenas\/wp-json\/wp\/v2\/users\/1"}],"replies":[{"embeddable":true,"href":"https:\/\/blogsaverroes.micd.es\/atmuntenas\/wp-json\/wp\/v2\/comments?post=259"}],"version-history":[{"count":0,"href":"https:\/\/blogsaverroes.micd.es\/atmuntenas\/wp-json\/wp\/v2\/posts\/259\/revisions"}],"wp:attachment":[{"href":"https:\/\/blogsaverroes.micd.es\/atmuntenas\/wp-json\/wp\/v2\/media?parent=259"}],"wp:term":[{"taxonomy":"category","embeddable":true,"href":"https:\/\/blogsaverroes.micd.es\/atmuntenas\/wp-json\/wp\/v2\/categories?post=259"},{"taxonomy":"post_tag","embeddable":true,"href":"https:\/\/blogsaverroes.micd.es\/atmuntenas\/wp-json\/wp\/v2\/tags?post=259"}],"curies":[{"name":"wp","href":"https:\/\/api.w.org\/{rel}","templated":true}]}}